{"id":3269,"date":"2019-03-21T14:33:33","date_gmt":"2019-03-21T12:33:33","guid":{"rendered":"https:\/\/metropolitanohc.com\/web\/?p=3269"},"modified":"2019-03-21T14:54:08","modified_gmt":"2019-03-21T12:54:08","slug":"los-infantiles-y-alevines-campeones-de-euskadi","status":"publish","type":"post","link":"https:\/\/metropolitanohc.com\/web\/los-infantiles-y-alevines-campeones-de-euskadi\/","title":{"rendered":"Los infantiles y alevines, campeones de Euskadi"},"content":{"rendered":"<p style=\"text-align: justify;\"><strong>El pasado s\u00e1bado se disput\u00f3 en Rivabellosa la \u00faltima sede de Liga Euskadi de categor\u00edas inferiores, donde el Metropolitano se proclam\u00f3 campe\u00f3n en ambas categor\u00edas.<\/strong><\/p>\n<p style=\"text-align: justify;\">En categor\u00eda infantil el Metropolitano logr\u00f3 el t\u00edtulo con condici\u00f3n de invicto, tras imponerse en los 8 partidos disputados. El primer partido de la jornada enfrent\u00f3 a los de Zorrotza con el CHL Dragons que a pesar de jugar en su pista no tuvieron opciones de ganar, ya que el Metropolitano se impuso por un claro 0-9. Tras esta victoria, el Metro ya era matem\u00e1ticamente campe\u00f3n pero lejos de relajarse acabaron imponi\u00e9ndose en los otros dos partidos de la sede. Primero ante un combativo All Stars Zaragoza, que no puso las cosas f\u00e1ciles a los bilba\u00ednos, que tuvieron que desplegar un bien hockey para hacerse con la victoria por 4-7. El \u00faltimo partido de la sede enfrent\u00f3 al Metropolitano y al segundo clasificado, el Street Hockey Gasteiz. Debido a la clasificaci\u00f3n, parec\u00eda que ser\u00eda el encuentro m\u00e1s igualado de la jornada, pero los de Bilbao pusieron el colof\u00f3n al t\u00edtulo de liga con un contundente 10-0. Cabe destacar que el conjunto infantil solo ha encajado 7 goles en 8 partidos, que sumado a los 74 goles anotados dejan un balance positivo de +67.<\/p>\n<p style=\"text-align: justify;\">Por otro lado, el equipo alev\u00edn result\u00f3 campe\u00f3n antes de que su partido se disputase, ya que Street Hockey Gasteiz estaba obligado a ganar previamente a Burdinola, pero cayeron por un contundente 11-5. Gracias a este resultado, el joven conjunto bilba\u00edno finalizar\u00eda primero a expensas del \u00faltimo partido, precisamente contra el conjunto gasteiztarra. Pero a pesar de estar todo decidido, el encuentro entre ambos equipos estuvo cargado de emoci\u00f3n llegando al final con un empate a cuatro que se decant\u00f3 en los penaltis para el Metropolitano. Los j\u00f3venes jugadores del Metropolitano han realizado una magn\u00edfica Liga Euskadi, cediendo tan solo 2 puntos tras vencer en los penaltis en la primera jornada a Burdinola y en \u00e9sta \u00faltima ante SH Gasteiz.<\/p>\n<div id=\"attachment_3274\" style=\"width: 820px\" class=\"wp-caption aligncenter\"><img loading=\"lazy\" decoding=\"async\" aria-describedby=\"caption-attachment-3274\" class=\"wp-image-3274 size-large\" src=\"https:\/\/metropolitanohc.com\/web\/wp-content\/uploads\/2019\/03\/WhatsApp-Image-2019-03-16-at-19.07.55-1024x640.jpeg\" alt=\"\" width=\"810\" height=\"506\" srcset=\"https:\/\/metropolitanohc.com\/web\/wp-content\/uploads\/2019\/03\/WhatsApp-Image-2019-03-16-at-19.07.55-1024x640.jpeg 1024w, https:\/\/metropolitanohc.com\/web\/wp-content\/uploads\/2019\/03\/WhatsApp-Image-2019-03-16-at-19.07.55-300x188.jpeg 300w, https:\/\/metropolitanohc.com\/web\/wp-content\/uploads\/2019\/03\/WhatsApp-Image-2019-03-16-at-19.07.55-768x480.jpeg 768w, https:\/\/metropolitanohc.com\/web\/wp-content\/uploads\/2019\/03\/WhatsApp-Image-2019-03-16-at-19.07.55-600x375.jpeg 600w, https:\/\/metropolitanohc.com\/web\/wp-content\/uploads\/2019\/03\/WhatsApp-Image-2019-03-16-at-19.07.55.jpeg 1439w\" sizes=\"auto, (max-width: 810px) 100vw, 810px\" \/><p id=\"caption-attachment-3274\" class=\"wp-caption-text\">Metropolitano &#8211; Street Hockey Gasteiz (Alev\u00edn)<\/p><\/div>\n","protected":false},"excerpt":{"rendered":"<p>El pasado s\u00e1bado se disput\u00f3 en Rivabellosa la \u00faltima sede de Liga Euskadi de categor\u00edas inferiores, donde el Metropolitano se proclam\u00f3 campe\u00f3n en ambas categor\u00edas. En categor\u00eda infantil el Metropolitano logr\u00f3 el t\u00edtulo con condici\u00f3n de invicto, tras imponerse en los 8 partidos disputados. El primer partido de la jornada enfrent\u00f3 a los de Zorrotza [&hellip;]<\/p>\n","protected":false},"author":4,"featured_media":3277,"comment_status":"open","ping_status":"open","sticky":false,"template":"","format":"standard","meta":{"footnotes":""},"categories":[129,244],"tags":[196,209,154,240,245,246],"class_list":["post-3269","post","type-post","status-publish","format-standard","has-post-thumbnail","hentry","category-hockey-linea","category-liga-euskadi","tag-bilbao","tag-burdinola","tag-hockey-linea","tag-liga-euskadi","tag-rivabellosa","tag-street-hockey-gasteiz"],"yoast_head":"<!-- This site is optimized with the Yoast SEO plugin v27.4 - https:\/\/yoast.com\/product\/yoast-seo-wordpress\/ -->\n<title>Los infantiles y alevines, campeones de Euskadi -<\/title>\n<meta name=\"robots\" content=\"index, follow, max-snippet:-1, max-image-preview:large, max-video-preview:-1\" \/>\n<link rel=\"canonical\" href=\"https:\/\/metropolitanohc.com\/web\/los-infantiles-y-alevines-campeones-de-euskadi\/\" \/>\n<meta property=\"og:locale\" content=\"es_ES\" \/>\n<meta property=\"og:type\" content=\"article\" \/>\n<meta property=\"og:title\" content=\"Los infantiles y alevines, campeones de Euskadi -\" \/>\n<meta property=\"og:description\" content=\"El pasado s\u00e1bado se disput\u00f3 en Rivabellosa la \u00faltima sede de Liga Euskadi de categor\u00edas inferiores, donde el Metropolitano se proclam\u00f3 campe\u00f3n en ambas categor\u00edas. En categor\u00eda infantil el Metropolitano logr\u00f3 el t\u00edtulo con condici\u00f3n de invicto, tras imponerse en los 8 partidos disputados. El primer partido de la jornada enfrent\u00f3 a los de Zorrotza [&hellip;]\" \/>\n<meta property=\"og:url\" content=\"https:\/\/metropolitanohc.com\/web\/los-infantiles-y-alevines-campeones-de-euskadi\/\" \/>\n<meta property=\"article:publisher\" content=\"https:\/\/www.facebook.com\/MetropolitanoHockeyClub\/\" \/>\n<meta property=\"article:published_time\" content=\"2019-03-21T12:33:33+00:00\" \/>\n<meta property=\"article:modified_time\" content=\"2019-03-21T12:54:08+00:00\" \/>\n<meta property=\"og:image\" content=\"https:\/\/metropolitanohc.com\/web\/wp-content\/uploads\/2019\/03\/cr2a5015-exposure-62171.jpg\" \/>\n\t<meta property=\"og:image:width\" content=\"2000\" \/>\n\t<meta property=\"og:image:height\" content=\"1333\" \/>\n\t<meta property=\"og:image:type\" content=\"image\/jpeg\" \/>\n<meta name=\"author\" content=\"Imanol Carcamo\" \/>\n<meta name=\"twitter:card\" content=\"summary_large_image\" \/>\n<meta name=\"twitter:label1\" content=\"Escrito por\" \/>\n\t<meta name=\"twitter:data1\" content=\"Imanol Carcamo\" \/>\n\t<meta name=\"twitter:label2\" content=\"Tiempo de lectura\" \/>\n\t<meta name=\"twitter:data2\" content=\"2 minutos\" \/>\n<script type=\"application\/ld+json\" class=\"yoast-schema-graph\">{\"@context\":\"https:\\\/\\\/schema.org\",\"@graph\":[{\"@type\":\"Article\",\"@id\":\"https:\\\/\\\/metropolitanohc.com\\\/web\\\/los-infantiles-y-alevines-campeones-de-euskadi\\\/#article\",\"isPartOf\":{\"@id\":\"https:\\\/\\\/metropolitanohc.com\\\/web\\\/los-infantiles-y-alevines-campeones-de-euskadi\\\/\"},\"author\":{\"name\":\"Imanol Carcamo\",\"@id\":\"https:\\\/\\\/metropolitanohc.com\\\/web\\\/#\\\/schema\\\/person\\\/6472914b3023ae5dfbcd5ebd5e52d16e\"},\"headline\":\"Los infantiles y alevines, campeones de Euskadi\",\"datePublished\":\"2019-03-21T12:33:33+00:00\",\"dateModified\":\"2019-03-21T12:54:08+00:00\",\"mainEntityOfPage\":{\"@id\":\"https:\\\/\\\/metropolitanohc.com\\\/web\\\/los-infantiles-y-alevines-campeones-de-euskadi\\\/\"},\"wordCount\":368,\"commentCount\":0,\"image\":{\"@id\":\"https:\\\/\\\/metropolitanohc.com\\\/web\\\/los-infantiles-y-alevines-campeones-de-euskadi\\\/#primaryimage\"},\"thumbnailUrl\":\"https:\\\/\\\/metropolitanohc.com\\\/web\\\/wp-content\\\/uploads\\\/2019\\\/03\\\/cr2a5015-exposure-62171.jpg\",\"keywords\":[\"Bilbao\",\"Burdinola\",\"Hockey l\u00ednea\",\"Liga Euskadi\",\"Rivabellosa\",\"Street Hockey Gasteiz\"],\"articleSection\":[\"Hockey l\u00ednea\",\"Liga Euskadi\"],\"inLanguage\":\"es\",\"potentialAction\":[{\"@type\":\"CommentAction\",\"name\":\"Comment\",\"target\":[\"https:\\\/\\\/metropolitanohc.com\\\/web\\\/los-infantiles-y-alevines-campeones-de-euskadi\\\/#respond\"]}]},{\"@type\":\"WebPage\",\"@id\":\"https:\\\/\\\/metropolitanohc.com\\\/web\\\/los-infantiles-y-alevines-campeones-de-euskadi\\\/\",\"url\":\"https:\\\/\\\/metropolitanohc.com\\\/web\\\/los-infantiles-y-alevines-campeones-de-euskadi\\\/\",\"name\":\"Los infantiles y alevines, campeones de Euskadi -\",\"isPartOf\":{\"@id\":\"https:\\\/\\\/metropolitanohc.com\\\/web\\\/#website\"},\"primaryImageOfPage\":{\"@id\":\"https:\\\/\\\/metropolitanohc.com\\\/web\\\/los-infantiles-y-alevines-campeones-de-euskadi\\\/#primaryimage\"},\"image\":{\"@id\":\"https:\\\/\\\/metropolitanohc.com\\\/web\\\/los-infantiles-y-alevines-campeones-de-euskadi\\\/#primaryimage\"},\"thumbnailUrl\":\"https:\\\/\\\/metropolitanohc.com\\\/web\\\/wp-content\\\/uploads\\\/2019\\\/03\\\/cr2a5015-exposure-62171.jpg\",\"datePublished\":\"2019-03-21T12:33:33+00:00\",\"dateModified\":\"2019-03-21T12:54:08+00:00\",\"author\":{\"@id\":\"https:\\\/\\\/metropolitanohc.com\\\/web\\\/#\\\/schema\\\/person\\\/6472914b3023ae5dfbcd5ebd5e52d16e\"},\"breadcrumb\":{\"@id\":\"https:\\\/\\\/metropolitanohc.com\\\/web\\\/los-infantiles-y-alevines-campeones-de-euskadi\\\/#breadcrumb\"},\"inLanguage\":\"es\",\"potentialAction\":[{\"@type\":\"ReadAction\",\"target\":[\"https:\\\/\\\/metropolitanohc.com\\\/web\\\/los-infantiles-y-alevines-campeones-de-euskadi\\\/\"]}]},{\"@type\":\"ImageObject\",\"inLanguage\":\"es\",\"@id\":\"https:\\\/\\\/metropolitanohc.com\\\/web\\\/los-infantiles-y-alevines-campeones-de-euskadi\\\/#primaryimage\",\"url\":\"https:\\\/\\\/metropolitanohc.com\\\/web\\\/wp-content\\\/uploads\\\/2019\\\/03\\\/cr2a5015-exposure-62171.jpg\",\"contentUrl\":\"https:\\\/\\\/metropolitanohc.com\\\/web\\\/wp-content\\\/uploads\\\/2019\\\/03\\\/cr2a5015-exposure-62171.jpg\",\"width\":2000,\"height\":1333},{\"@type\":\"BreadcrumbList\",\"@id\":\"https:\\\/\\\/metropolitanohc.com\\\/web\\\/los-infantiles-y-alevines-campeones-de-euskadi\\\/#breadcrumb\",\"itemListElement\":[{\"@type\":\"ListItem\",\"position\":1,\"name\":\"Home\",\"item\":\"https:\\\/\\\/metropolitanohc.com\\\/web\\\/\"},{\"@type\":\"ListItem\",\"position\":2,\"name\":\"Los infantiles y alevines, campeones de Euskadi\"}]},{\"@type\":\"WebSite\",\"@id\":\"https:\\\/\\\/metropolitanohc.com\\\/web\\\/#website\",\"url\":\"https:\\\/\\\/metropolitanohc.com\\\/web\\\/\",\"name\":\"\",\"description\":\"\",\"potentialAction\":[{\"@type\":\"SearchAction\",\"target\":{\"@type\":\"EntryPoint\",\"urlTemplate\":\"https:\\\/\\\/metropolitanohc.com\\\/web\\\/?s={search_term_string}\"},\"query-input\":{\"@type\":\"PropertyValueSpecification\",\"valueRequired\":true,\"valueName\":\"search_term_string\"}}],\"inLanguage\":\"es\"},{\"@type\":\"Person\",\"@id\":\"https:\\\/\\\/metropolitanohc.com\\\/web\\\/#\\\/schema\\\/person\\\/6472914b3023ae5dfbcd5ebd5e52d16e\",\"name\":\"Imanol Carcamo\",\"image\":{\"@type\":\"ImageObject\",\"inLanguage\":\"es\",\"@id\":\"https:\\\/\\\/secure.gravatar.com\\\/avatar\\\/60475efd4de6f32d3dc2ae2f5cffe8432aa8c54da97e43d0a2d8bb0f9d043cf7?s=96&d=mm&r=g\",\"url\":\"https:\\\/\\\/secure.gravatar.com\\\/avatar\\\/60475efd4de6f32d3dc2ae2f5cffe8432aa8c54da97e43d0a2d8bb0f9d043cf7?s=96&d=mm&r=g\",\"contentUrl\":\"https:\\\/\\\/secure.gravatar.com\\\/avatar\\\/60475efd4de6f32d3dc2ae2f5cffe8432aa8c54da97e43d0a2d8bb0f9d043cf7?s=96&d=mm&r=g\",\"caption\":\"Imanol Carcamo\"},\"url\":\"https:\\\/\\\/metropolitanohc.com\\\/web\\\/author\\\/imanol\\\/\"}]}<\/script>\n<!-- \/ Yoast SEO plugin. -->","yoast_head_json":{"title":"Los infantiles y alevines, campeones de Euskadi -","robots":{"index":"index","follow":"follow","max-snippet":"max-snippet:-1","max-image-preview":"max-image-preview:large","max-video-preview":"max-video-preview:-1"},"canonical":"https:\/\/metropolitanohc.com\/web\/los-infantiles-y-alevines-campeones-de-euskadi\/","og_locale":"es_ES","og_type":"article","og_title":"Los infantiles y alevines, campeones de Euskadi -","og_description":"El pasado s\u00e1bado se disput\u00f3 en Rivabellosa la \u00faltima sede de Liga Euskadi de categor\u00edas inferiores, donde el Metropolitano se proclam\u00f3 campe\u00f3n en ambas categor\u00edas. En categor\u00eda infantil el Metropolitano logr\u00f3 el t\u00edtulo con condici\u00f3n de invicto, tras imponerse en los 8 partidos disputados. El primer partido de la jornada enfrent\u00f3 a los de Zorrotza [&hellip;]","og_url":"https:\/\/metropolitanohc.com\/web\/los-infantiles-y-alevines-campeones-de-euskadi\/","article_publisher":"https:\/\/www.facebook.com\/MetropolitanoHockeyClub\/","article_published_time":"2019-03-21T12:33:33+00:00","article_modified_time":"2019-03-21T12:54:08+00:00","og_image":[{"width":2000,"height":1333,"url":"https:\/\/metropolitanohc.com\/web\/wp-content\/uploads\/2019\/03\/cr2a5015-exposure-62171.jpg","type":"image\/jpeg"}],"author":"Imanol Carcamo","twitter_card":"summary_large_image","twitter_misc":{"Escrito por":"Imanol Carcamo","Tiempo de lectura":"2 minutos"},"schema":{"@context":"https:\/\/schema.org","@graph":[{"@type":"Article","@id":"https:\/\/metropolitanohc.com\/web\/los-infantiles-y-alevines-campeones-de-euskadi\/#article","isPartOf":{"@id":"https:\/\/metropolitanohc.com\/web\/los-infantiles-y-alevines-campeones-de-euskadi\/"},"author":{"name":"Imanol Carcamo","@id":"https:\/\/metropolitanohc.com\/web\/#\/schema\/person\/6472914b3023ae5dfbcd5ebd5e52d16e"},"headline":"Los infantiles y alevines, campeones de Euskadi","datePublished":"2019-03-21T12:33:33+00:00","dateModified":"2019-03-21T12:54:08+00:00","mainEntityOfPage":{"@id":"https:\/\/metropolitanohc.com\/web\/los-infantiles-y-alevines-campeones-de-euskadi\/"},"wordCount":368,"commentCount":0,"image":{"@id":"https:\/\/metropolitanohc.com\/web\/los-infantiles-y-alevines-campeones-de-euskadi\/#primaryimage"},"thumbnailUrl":"https:\/\/metropolitanohc.com\/web\/wp-content\/uploads\/2019\/03\/cr2a5015-exposure-62171.jpg","keywords":["Bilbao","Burdinola","Hockey l\u00ednea","Liga Euskadi","Rivabellosa","Street Hockey Gasteiz"],"articleSection":["Hockey l\u00ednea","Liga Euskadi"],"inLanguage":"es","potentialAction":[{"@type":"CommentAction","name":"Comment","target":["https:\/\/metropolitanohc.com\/web\/los-infantiles-y-alevines-campeones-de-euskadi\/#respond"]}]},{"@type":"WebPage","@id":"https:\/\/metropolitanohc.com\/web\/los-infantiles-y-alevines-campeones-de-euskadi\/","url":"https:\/\/metropolitanohc.com\/web\/los-infantiles-y-alevines-campeones-de-euskadi\/","name":"Los infantiles y alevines, campeones de Euskadi -","isPartOf":{"@id":"https:\/\/metropolitanohc.com\/web\/#website"},"primaryImageOfPage":{"@id":"https:\/\/metropolitanohc.com\/web\/los-infantiles-y-alevines-campeones-de-euskadi\/#primaryimage"},"image":{"@id":"https:\/\/metropolitanohc.com\/web\/los-infantiles-y-alevines-campeones-de-euskadi\/#primaryimage"},"thumbnailUrl":"https:\/\/metropolitanohc.com\/web\/wp-content\/uploads\/2019\/03\/cr2a5015-exposure-62171.jpg","datePublished":"2019-03-21T12:33:33+00:00","dateModified":"2019-03-21T12:54:08+00:00","author":{"@id":"https:\/\/metropolitanohc.com\/web\/#\/schema\/person\/6472914b3023ae5dfbcd5ebd5e52d16e"},"breadcrumb":{"@id":"https:\/\/metropolitanohc.com\/web\/los-infantiles-y-alevines-campeones-de-euskadi\/#breadcrumb"},"inLanguage":"es","potentialAction":[{"@type":"ReadAction","target":["https:\/\/metropolitanohc.com\/web\/los-infantiles-y-alevines-campeones-de-euskadi\/"]}]},{"@type":"ImageObject","inLanguage":"es","@id":"https:\/\/metropolitanohc.com\/web\/los-infantiles-y-alevines-campeones-de-euskadi\/#primaryimage","url":"https:\/\/metropolitanohc.com\/web\/wp-content\/uploads\/2019\/03\/cr2a5015-exposure-62171.jpg","contentUrl":"https:\/\/metropolitanohc.com\/web\/wp-content\/uploads\/2019\/03\/cr2a5015-exposure-62171.jpg","width":2000,"height":1333},{"@type":"BreadcrumbList","@id":"https:\/\/metropolitanohc.com\/web\/los-infantiles-y-alevines-campeones-de-euskadi\/#breadcrumb","itemListElement":[{"@type":"ListItem","position":1,"name":"Home","item":"https:\/\/metropolitanohc.com\/web\/"},{"@type":"ListItem","position":2,"name":"Los infantiles y alevines, campeones de Euskadi"}]},{"@type":"WebSite","@id":"https:\/\/metropolitanohc.com\/web\/#website","url":"https:\/\/metropolitanohc.com\/web\/","name":"","description":"","potentialAction":[{"@type":"SearchAction","target":{"@type":"EntryPoint","urlTemplate":"https:\/\/metropolitanohc.com\/web\/?s={search_term_string}"},"query-input":{"@type":"PropertyValueSpecification","valueRequired":true,"valueName":"search_term_string"}}],"inLanguage":"es"},{"@type":"Person","@id":"https:\/\/metropolitanohc.com\/web\/#\/schema\/person\/6472914b3023ae5dfbcd5ebd5e52d16e","name":"Imanol Carcamo","image":{"@type":"ImageObject","inLanguage":"es","@id":"https:\/\/secure.gravatar.com\/avatar\/60475efd4de6f32d3dc2ae2f5cffe8432aa8c54da97e43d0a2d8bb0f9d043cf7?s=96&d=mm&r=g","url":"https:\/\/secure.gravatar.com\/avatar\/60475efd4de6f32d3dc2ae2f5cffe8432aa8c54da97e43d0a2d8bb0f9d043cf7?s=96&d=mm&r=g","contentUrl":"https:\/\/secure.gravatar.com\/avatar\/60475efd4de6f32d3dc2ae2f5cffe8432aa8c54da97e43d0a2d8bb0f9d043cf7?s=96&d=mm&r=g","caption":"Imanol Carcamo"},"url":"https:\/\/metropolitanohc.com\/web\/author\/imanol\/"}]}},"_links":{"self":[{"href":"https:\/\/metropolitanohc.com\/web\/wp-json\/wp\/v2\/posts\/3269","targetHints":{"allow":["GET"]}}],"collection":[{"href":"https:\/\/metropolitanohc.com\/web\/wp-json\/wp\/v2\/posts"}],"about":[{"href":"https:\/\/metropolitanohc.com\/web\/wp-json\/wp\/v2\/types\/post"}],"author":[{"embeddable":true,"href":"https:\/\/metropolitanohc.com\/web\/wp-json\/wp\/v2\/users\/4"}],"replies":[{"embeddable":true,"href":"https:\/\/metropolitanohc.com\/web\/wp-json\/wp\/v2\/comments?post=3269"}],"version-history":[{"count":4,"href":"https:\/\/metropolitanohc.com\/web\/wp-json\/wp\/v2\/posts\/3269\/revisions"}],"predecessor-version":[{"id":3276,"href":"https:\/\/metropolitanohc.com\/web\/wp-json\/wp\/v2\/posts\/3269\/revisions\/3276"}],"wp:featuredmedia":[{"embeddable":true,"href":"https:\/\/metropolitanohc.com\/web\/wp-json\/wp\/v2\/media\/3277"}],"wp:attachment":[{"href":"https:\/\/metropolitanohc.com\/web\/wp-json\/wp\/v2\/media?parent=3269"}],"wp:term":[{"taxonomy":"category","embeddable":true,"href":"https:\/\/metropolitanohc.com\/web\/wp-json\/wp\/v2\/categories?post=3269"},{"taxonomy":"post_tag","embeddable":true,"href":"https:\/\/metropolitanohc.com\/web\/wp-json\/wp\/v2\/tags?post=3269"}],"curies":[{"name":"wp","href":"https:\/\/api.w.org\/{rel}","templated":true}]}}