{"id":3243,"date":"2019-03-04T13:58:46","date_gmt":"2019-03-04T11:58:46","guid":{"rendered":"https:\/\/metropolitanohc.com\/web\/?p=3243"},"modified":"2019-03-04T13:58:46","modified_gmt":"2019-03-04T11:58:46","slug":"el-metropolitano-no-logra-batir-al-lider","status":"publish","type":"post","link":"https:\/\/metropolitanohc.com\/web\/el-metropolitano-no-logra-batir-al-lider\/","title":{"rendered":"El Metropolitano no logra batir al l\u00edder"},"content":{"rendered":"<p style=\"text-align: justify;\"><strong>Partido de los que hacen afici\u00f3n el disputado el pasado domingo en Canterac entre el CPLV y el Metropolitano HC.<\/strong><\/p>\n<p style=\"text-align: justify;\">El encuentro ten\u00eda todos los ingredientes para ser electrizante. Una grada abarrotada, la televisi\u00f3n emitiendo el partido en directo y sobre todo, los dos finalistas de la pasada Copa del Rey empe\u00f1ados en la victoria, el CPLV para continuar su m\u00e1gica temporada en la cual contin\u00faa invicto, y el Metropolitano luchando a la desesperada por hacerse un hueco entre los 4 primeros que da acceso al playoff.<\/p>\n<p style=\"text-align: justify;\">Como era de esperar, el ritmo endiablado fue la t\u00f3nica del encuentro y fruto de ello se pudo ver una primera parte espectacular. El primer gol ser\u00eda de los locales, obra del checo Jan Vyoral cuando tan solo se llevaban disputados 2 minutos y 13 segundos. La respuesta visitante no se har\u00eda esperar y poco m\u00e1s de tres minutos despu\u00e9s, Stephan Davis anotar\u00eda el 1-1 tras batir a Jerry Kaukinen con un disparo que col\u00f3 entre las piernas del guardameta. Tan s\u00f3lo un minuto despu\u00e9s, I\u00f1igo Postigo anotar\u00eda el segundo tanto visitante en un contra ataque en el que se qued\u00f3 solo ante el portero fin\u00e9s dando as\u00ed ventaja parcialmente para el Metropolitano (1-2). Tras \u00e9ste gol, los pucelanos pidieron un tiempo muerto para que el partido no se les escapase, y la t\u00e1ctica pareci\u00f3 dar sus frutos, ya que a falta de 16:37 para el descanso, Andr\u00e9s Ba\u00f1os igualar\u00eda el marcador a dos tantos. La primera penalizaci\u00f3n del encuentro ser\u00eda para Stephan Davis tras un choque en mitad de la pista y el conjunto de Valladolid no desaprovech\u00f3 la situaci\u00f3n de superioridad y Marcos P\u00e9rez volver\u00eda a cobrar ventaja para los locales (3-2). Tras un primer powerplay desaprovechado, el Metropolitano har\u00eda buena su segunda situaci\u00f3n de superioridad y Davis anotar\u00eda el segunda tanto en su cuenta particular para colocar as\u00ed el empate a 3. Jan Vyoral dar\u00eda una vez m\u00e1s ventaja al CPLV anotando el 4-3 a falta de 2:26 para el descanso y cuando todo parec\u00eda indicar que ese ser\u00eda el resultado, a falta de 11 segundos, Asier Arp\u00f3n colocar\u00eda el empate a 4 en el luminoso.<\/p>\n<p style=\"text-align: justify;\">La segunda parte al igual que la primera, comenz\u00f3 con un ritmo endiablado y Marcos P\u00e9rez anotar\u00eda el 5-4 tras 27 segundos de la reanudaci\u00f3n. Tras el gol, el CPLV quiso hacerse con el control del puck, mientras que el Metropolitano continuaba igualar el marcador, lo cual consigui\u00f3 a falta de 16:03 por medio de nuevo de Asier Arp\u00f3n en situaci\u00f3n de superioridad. Los \u00faltimos minutos se vieron empa\u00f1ados por dos decisiones arbitrales cuanto menos controvertidas, ya que con el Metropolitano en situaci\u00f3n de superioridad, Asier Arp\u00f3n fue expulsado por carga cuando disputaba por ganar la posici\u00f3n en frente del portero rival. Fue entonces cuando ya en situaci\u00f3n de powerplay, Marcos P\u00e9rez anotar\u00eda de nuevo para volver a dar ventaja a los locales (6-5) a falta de 8:32 para el final. Dos minutos m\u00e1s tarde ser\u00eda Asier Gayoso el expulsado tras un discutible enganch\u00f3n y de nuevo Marcos P\u00e9rez, con su cuarto gol del partido colocar\u00eda el 7-5 que pondr\u00eda tierra de por medio. Con un Metropolitano volcado en ataque, Adel Saber har\u00eda el 8-5 definitivo en los \u00faltimos segundos del encuentro.\u00a0Tras este resultado, la clasificaci\u00f3n para el playoff est\u00e1 realmente complicada a falta de 3 jornadas para el final de liga, ya que el Metropolitano deber\u00eda ganar los 3 partidos y Molina Sport perder dos de esos tres encuentros.<\/p>\n<p style=\"text-align: justify;\">Despu\u00e9s del encuentro de Liga \u00c9lite se disput\u00f3 el de Liga Oro que enfrent\u00f3 a ambos equipos filiales. Los locales anotar\u00edan el primer gol del encuentro pr\u00e1cticamente en la primera jugada y a pesar de la reacci\u00f3n de los visitantes, quienes empataron el partido por medio de Xabier Deba, la balanza se inclin\u00f3 para el conjunto vallisoletano, que al descanso ya dominaba el juego y el marcador (4-1). La din\u00e1mica en la segunda parte sigui\u00f3 siendo la misma y los goles continuaron cayendo del lado local, dejando el resultado final en 7-1. A falta de 3 jornadas para el final de Liga Oro, la permanencia en la categor\u00eda se antoja fr\u00e1ncamente complicada, ya que los de Bilbao tendr\u00edan que ganar todos los partidos y esperar a que el Espanya HC B no sumase en ninguno de sus encuentros.<\/p>\n<div id=\"attachment_3246\" style=\"width: 820px\" class=\"wp-caption aligncenter\"><img loading=\"lazy\" decoding=\"async\" aria-describedby=\"caption-attachment-3246\" class=\"wp-image-3246 size-large\" src=\"https:\/\/metropolitanohc.com\/web\/wp-content\/uploads\/2019\/03\/DSC_3833-1024x681.jpg\" alt=\"\" width=\"810\" height=\"539\" srcset=\"https:\/\/metropolitanohc.com\/web\/wp-content\/uploads\/2019\/03\/DSC_3833-1024x681.jpg 1024w, https:\/\/metropolitanohc.com\/web\/wp-content\/uploads\/2019\/03\/DSC_3833-300x200.jpg 300w, https:\/\/metropolitanohc.com\/web\/wp-content\/uploads\/2019\/03\/DSC_3833-768x511.jpg 768w, https:\/\/metropolitanohc.com\/web\/wp-content\/uploads\/2019\/03\/DSC_3833-1920x1278.jpg 1920w, https:\/\/metropolitanohc.com\/web\/wp-content\/uploads\/2019\/03\/DSC_3833-600x399.jpg 600w\" sizes=\"auto, (max-width: 810px) 100vw, 810px\" \/><p id=\"caption-attachment-3246\" class=\"wp-caption-text\">CPLV B &#8211; Metropolitano HC B<\/p><\/div>\n<p>&nbsp;<\/p>\n","protected":false},"excerpt":{"rendered":"<p>Partido de los que hacen afici\u00f3n el disputado el pasado domingo en Canterac entre el CPLV y el Metropolitano HC. El encuentro ten\u00eda todos los ingredientes para ser electrizante. Una grada abarrotada, la televisi\u00f3n emitiendo el partido en directo y sobre todo, los dos finalistas de la pasada Copa del Rey empe\u00f1ados en la victoria, [&hellip;]<\/p>\n","protected":false},"author":4,"featured_media":3244,"comment_status":"open","ping_status":"open","sticky":false,"template":"","format":"standard","meta":{"footnotes":""},"categories":[128,175],"tags":[225,196,192,201,176,212,195],"class_list":["post-3243","post","type-post","status-publish","format-standard","has-post-thumbnail","hentry","category-liga-elite","category-metropolitano-hc","tag-asier-arpon","tag-bilbao","tag-cplv","tag-inigo-postigo","tag-metropolitano-hc","tag-stephan-davis","tag-valladolid"],"yoast_head":"<!-- This site is optimized with the Yoast SEO plugin v27.4 - https:\/\/yoast.com\/product\/yoast-seo-wordpress\/ -->\n<title>El Metropolitano no logra batir al l\u00edder -<\/title>\n<meta name=\"robots\" content=\"index, follow, max-snippet:-1, max-image-preview:large, max-video-preview:-1\" \/>\n<link rel=\"canonical\" href=\"https:\/\/metropolitanohc.com\/web\/el-metropolitano-no-logra-batir-al-lider\/\" \/>\n<meta property=\"og:locale\" content=\"es_ES\" \/>\n<meta property=\"og:type\" content=\"article\" \/>\n<meta property=\"og:title\" content=\"El Metropolitano no logra batir al l\u00edder -\" \/>\n<meta property=\"og:description\" content=\"Partido de los que hacen afici\u00f3n el disputado el pasado domingo en Canterac entre el CPLV y el Metropolitano HC. El encuentro ten\u00eda todos los ingredientes para ser electrizante. Una grada abarrotada, la televisi\u00f3n emitiendo el partido en directo y sobre todo, los dos finalistas de la pasada Copa del Rey empe\u00f1ados en la victoria, [&hellip;]\" \/>\n<meta property=\"og:url\" content=\"https:\/\/metropolitanohc.com\/web\/el-metropolitano-no-logra-batir-al-lider\/\" \/>\n<meta property=\"article:publisher\" content=\"https:\/\/www.facebook.com\/MetropolitanoHockeyClub\/\" \/>\n<meta property=\"article:published_time\" content=\"2019-03-04T11:58:46+00:00\" \/>\n<meta property=\"og:image\" content=\"https:\/\/metropolitanohc.com\/web\/wp-content\/uploads\/2019\/03\/DSC_3601-1024x683.jpg\" \/>\n\t<meta property=\"og:image:width\" content=\"1024\" \/>\n\t<meta property=\"og:image:height\" content=\"683\" \/>\n\t<meta property=\"og:image:type\" content=\"image\/jpeg\" \/>\n<meta name=\"author\" content=\"Imanol Carcamo\" \/>\n<meta name=\"twitter:card\" content=\"summary_large_image\" \/>\n<meta name=\"twitter:label1\" content=\"Escrito por\" \/>\n\t<meta name=\"twitter:data1\" content=\"Imanol Carcamo\" \/>\n\t<meta name=\"twitter:label2\" content=\"Tiempo de lectura\" \/>\n\t<meta name=\"twitter:data2\" content=\"4 minutos\" \/>\n<script type=\"application\/ld+json\" class=\"yoast-schema-graph\">{\"@context\":\"https:\\\/\\\/schema.org\",\"@graph\":[{\"@type\":\"Article\",\"@id\":\"https:\\\/\\\/metropolitanohc.com\\\/web\\\/el-metropolitano-no-logra-batir-al-lider\\\/#article\",\"isPartOf\":{\"@id\":\"https:\\\/\\\/metropolitanohc.com\\\/web\\\/el-metropolitano-no-logra-batir-al-lider\\\/\"},\"author\":{\"name\":\"Imanol Carcamo\",\"@id\":\"https:\\\/\\\/metropolitanohc.com\\\/web\\\/#\\\/schema\\\/person\\\/6472914b3023ae5dfbcd5ebd5e52d16e\"},\"headline\":\"El Metropolitano no logra batir al l\u00edder\",\"datePublished\":\"2019-03-04T11:58:46+00:00\",\"mainEntityOfPage\":{\"@id\":\"https:\\\/\\\/metropolitanohc.com\\\/web\\\/el-metropolitano-no-logra-batir-al-lider\\\/\"},\"wordCount\":787,\"commentCount\":0,\"image\":{\"@id\":\"https:\\\/\\\/metropolitanohc.com\\\/web\\\/el-metropolitano-no-logra-batir-al-lider\\\/#primaryimage\"},\"thumbnailUrl\":\"https:\\\/\\\/metropolitanohc.com\\\/web\\\/wp-content\\\/uploads\\\/2019\\\/03\\\/DSC_3601.jpg\",\"keywords\":[\"Asier Arp\u00f3n\",\"Bilbao\",\"CPLV\",\"I\u00f1igo Postigo\",\"Metropolitano HC\",\"Stephan Davis\",\"Valladolid\"],\"articleSection\":[\"Liga \u00c9lite\",\"Metropolitano HC\"],\"inLanguage\":\"es\",\"potentialAction\":[{\"@type\":\"CommentAction\",\"name\":\"Comment\",\"target\":[\"https:\\\/\\\/metropolitanohc.com\\\/web\\\/el-metropolitano-no-logra-batir-al-lider\\\/#respond\"]}]},{\"@type\":\"WebPage\",\"@id\":\"https:\\\/\\\/metropolitanohc.com\\\/web\\\/el-metropolitano-no-logra-batir-al-lider\\\/\",\"url\":\"https:\\\/\\\/metropolitanohc.com\\\/web\\\/el-metropolitano-no-logra-batir-al-lider\\\/\",\"name\":\"El Metropolitano no logra batir al l\u00edder -\",\"isPartOf\":{\"@id\":\"https:\\\/\\\/metropolitanohc.com\\\/web\\\/#website\"},\"primaryImageOfPage\":{\"@id\":\"https:\\\/\\\/metropolitanohc.com\\\/web\\\/el-metropolitano-no-logra-batir-al-lider\\\/#primaryimage\"},\"image\":{\"@id\":\"https:\\\/\\\/metropolitanohc.com\\\/web\\\/el-metropolitano-no-logra-batir-al-lider\\\/#primaryimage\"},\"thumbnailUrl\":\"https:\\\/\\\/metropolitanohc.com\\\/web\\\/wp-content\\\/uploads\\\/2019\\\/03\\\/DSC_3601.jpg\",\"datePublished\":\"2019-03-04T11:58:46+00:00\",\"author\":{\"@id\":\"https:\\\/\\\/metropolitanohc.com\\\/web\\\/#\\\/schema\\\/person\\\/6472914b3023ae5dfbcd5ebd5e52d16e\"},\"breadcrumb\":{\"@id\":\"https:\\\/\\\/metropolitanohc.com\\\/web\\\/el-metropolitano-no-logra-batir-al-lider\\\/#breadcrumb\"},\"inLanguage\":\"es\",\"potentialAction\":[{\"@type\":\"ReadAction\",\"target\":[\"https:\\\/\\\/metropolitanohc.com\\\/web\\\/el-metropolitano-no-logra-batir-al-lider\\\/\"]}]},{\"@type\":\"ImageObject\",\"inLanguage\":\"es\",\"@id\":\"https:\\\/\\\/metropolitanohc.com\\\/web\\\/el-metropolitano-no-logra-batir-al-lider\\\/#primaryimage\",\"url\":\"https:\\\/\\\/metropolitanohc.com\\\/web\\\/wp-content\\\/uploads\\\/2019\\\/03\\\/DSC_3601.jpg\",\"contentUrl\":\"https:\\\/\\\/metropolitanohc.com\\\/web\\\/wp-content\\\/uploads\\\/2019\\\/03\\\/DSC_3601.jpg\",\"width\":5229,\"height\":3487},{\"@type\":\"BreadcrumbList\",\"@id\":\"https:\\\/\\\/metropolitanohc.com\\\/web\\\/el-metropolitano-no-logra-batir-al-lider\\\/#breadcrumb\",\"itemListElement\":[{\"@type\":\"ListItem\",\"position\":1,\"name\":\"Home\",\"item\":\"https:\\\/\\\/metropolitanohc.com\\\/web\\\/\"},{\"@type\":\"ListItem\",\"position\":2,\"name\":\"El Metropolitano no logra batir al l\u00edder\"}]},{\"@type\":\"WebSite\",\"@id\":\"https:\\\/\\\/metropolitanohc.com\\\/web\\\/#website\",\"url\":\"https:\\\/\\\/metropolitanohc.com\\\/web\\\/\",\"name\":\"\",\"description\":\"\",\"potentialAction\":[{\"@type\":\"SearchAction\",\"target\":{\"@type\":\"EntryPoint\",\"urlTemplate\":\"https:\\\/\\\/metropolitanohc.com\\\/web\\\/?s={search_term_string}\"},\"query-input\":{\"@type\":\"PropertyValueSpecification\",\"valueRequired\":true,\"valueName\":\"search_term_string\"}}],\"inLanguage\":\"es\"},{\"@type\":\"Person\",\"@id\":\"https:\\\/\\\/metropolitanohc.com\\\/web\\\/#\\\/schema\\\/person\\\/6472914b3023ae5dfbcd5ebd5e52d16e\",\"name\":\"Imanol Carcamo\",\"image\":{\"@type\":\"ImageObject\",\"inLanguage\":\"es\",\"@id\":\"https:\\\/\\\/secure.gravatar.com\\\/avatar\\\/60475efd4de6f32d3dc2ae2f5cffe8432aa8c54da97e43d0a2d8bb0f9d043cf7?s=96&d=mm&r=g\",\"url\":\"https:\\\/\\\/secure.gravatar.com\\\/avatar\\\/60475efd4de6f32d3dc2ae2f5cffe8432aa8c54da97e43d0a2d8bb0f9d043cf7?s=96&d=mm&r=g\",\"contentUrl\":\"https:\\\/\\\/secure.gravatar.com\\\/avatar\\\/60475efd4de6f32d3dc2ae2f5cffe8432aa8c54da97e43d0a2d8bb0f9d043cf7?s=96&d=mm&r=g\",\"caption\":\"Imanol Carcamo\"},\"url\":\"https:\\\/\\\/metropolitanohc.com\\\/web\\\/author\\\/imanol\\\/\"}]}<\/script>\n<!-- \/ Yoast SEO plugin. -->","yoast_head_json":{"title":"El Metropolitano no logra batir al l\u00edder -","robots":{"index":"index","follow":"follow","max-snippet":"max-snippet:-1","max-image-preview":"max-image-preview:large","max-video-preview":"max-video-preview:-1"},"canonical":"https:\/\/metropolitanohc.com\/web\/el-metropolitano-no-logra-batir-al-lider\/","og_locale":"es_ES","og_type":"article","og_title":"El Metropolitano no logra batir al l\u00edder -","og_description":"Partido de los que hacen afici\u00f3n el disputado el pasado domingo en Canterac entre el CPLV y el Metropolitano HC. El encuentro ten\u00eda todos los ingredientes para ser electrizante. Una grada abarrotada, la televisi\u00f3n emitiendo el partido en directo y sobre todo, los dos finalistas de la pasada Copa del Rey empe\u00f1ados en la victoria, [&hellip;]","og_url":"https:\/\/metropolitanohc.com\/web\/el-metropolitano-no-logra-batir-al-lider\/","article_publisher":"https:\/\/www.facebook.com\/MetropolitanoHockeyClub\/","article_published_time":"2019-03-04T11:58:46+00:00","og_image":[{"width":1024,"height":683,"url":"https:\/\/metropolitanohc.com\/web\/wp-content\/uploads\/2019\/03\/DSC_3601-1024x683.jpg","type":"image\/jpeg"}],"author":"Imanol Carcamo","twitter_card":"summary_large_image","twitter_misc":{"Escrito por":"Imanol Carcamo","Tiempo de lectura":"4 minutos"},"schema":{"@context":"https:\/\/schema.org","@graph":[{"@type":"Article","@id":"https:\/\/metropolitanohc.com\/web\/el-metropolitano-no-logra-batir-al-lider\/#article","isPartOf":{"@id":"https:\/\/metropolitanohc.com\/web\/el-metropolitano-no-logra-batir-al-lider\/"},"author":{"name":"Imanol Carcamo","@id":"https:\/\/metropolitanohc.com\/web\/#\/schema\/person\/6472914b3023ae5dfbcd5ebd5e52d16e"},"headline":"El Metropolitano no logra batir al l\u00edder","datePublished":"2019-03-04T11:58:46+00:00","mainEntityOfPage":{"@id":"https:\/\/metropolitanohc.com\/web\/el-metropolitano-no-logra-batir-al-lider\/"},"wordCount":787,"commentCount":0,"image":{"@id":"https:\/\/metropolitanohc.com\/web\/el-metropolitano-no-logra-batir-al-lider\/#primaryimage"},"thumbnailUrl":"https:\/\/metropolitanohc.com\/web\/wp-content\/uploads\/2019\/03\/DSC_3601.jpg","keywords":["Asier Arp\u00f3n","Bilbao","CPLV","I\u00f1igo Postigo","Metropolitano HC","Stephan Davis","Valladolid"],"articleSection":["Liga \u00c9lite","Metropolitano HC"],"inLanguage":"es","potentialAction":[{"@type":"CommentAction","name":"Comment","target":["https:\/\/metropolitanohc.com\/web\/el-metropolitano-no-logra-batir-al-lider\/#respond"]}]},{"@type":"WebPage","@id":"https:\/\/metropolitanohc.com\/web\/el-metropolitano-no-logra-batir-al-lider\/","url":"https:\/\/metropolitanohc.com\/web\/el-metropolitano-no-logra-batir-al-lider\/","name":"El Metropolitano no logra batir al l\u00edder -","isPartOf":{"@id":"https:\/\/metropolitanohc.com\/web\/#website"},"primaryImageOfPage":{"@id":"https:\/\/metropolitanohc.com\/web\/el-metropolitano-no-logra-batir-al-lider\/#primaryimage"},"image":{"@id":"https:\/\/metropolitanohc.com\/web\/el-metropolitano-no-logra-batir-al-lider\/#primaryimage"},"thumbnailUrl":"https:\/\/metropolitanohc.com\/web\/wp-content\/uploads\/2019\/03\/DSC_3601.jpg","datePublished":"2019-03-04T11:58:46+00:00","author":{"@id":"https:\/\/metropolitanohc.com\/web\/#\/schema\/person\/6472914b3023ae5dfbcd5ebd5e52d16e"},"breadcrumb":{"@id":"https:\/\/metropolitanohc.com\/web\/el-metropolitano-no-logra-batir-al-lider\/#breadcrumb"},"inLanguage":"es","potentialAction":[{"@type":"ReadAction","target":["https:\/\/metropolitanohc.com\/web\/el-metropolitano-no-logra-batir-al-lider\/"]}]},{"@type":"ImageObject","inLanguage":"es","@id":"https:\/\/metropolitanohc.com\/web\/el-metropolitano-no-logra-batir-al-lider\/#primaryimage","url":"https:\/\/metropolitanohc.com\/web\/wp-content\/uploads\/2019\/03\/DSC_3601.jpg","contentUrl":"https:\/\/metropolitanohc.com\/web\/wp-content\/uploads\/2019\/03\/DSC_3601.jpg","width":5229,"height":3487},{"@type":"BreadcrumbList","@id":"https:\/\/metropolitanohc.com\/web\/el-metropolitano-no-logra-batir-al-lider\/#breadcrumb","itemListElement":[{"@type":"ListItem","position":1,"name":"Home","item":"https:\/\/metropolitanohc.com\/web\/"},{"@type":"ListItem","position":2,"name":"El Metropolitano no logra batir al l\u00edder"}]},{"@type":"WebSite","@id":"https:\/\/metropolitanohc.com\/web\/#website","url":"https:\/\/metropolitanohc.com\/web\/","name":"","description":"","potentialAction":[{"@type":"SearchAction","target":{"@type":"EntryPoint","urlTemplate":"https:\/\/metropolitanohc.com\/web\/?s={search_term_string}"},"query-input":{"@type":"PropertyValueSpecification","valueRequired":true,"valueName":"search_term_string"}}],"inLanguage":"es"},{"@type":"Person","@id":"https:\/\/metropolitanohc.com\/web\/#\/schema\/person\/6472914b3023ae5dfbcd5ebd5e52d16e","name":"Imanol Carcamo","image":{"@type":"ImageObject","inLanguage":"es","@id":"https:\/\/secure.gravatar.com\/avatar\/60475efd4de6f32d3dc2ae2f5cffe8432aa8c54da97e43d0a2d8bb0f9d043cf7?s=96&d=mm&r=g","url":"https:\/\/secure.gravatar.com\/avatar\/60475efd4de6f32d3dc2ae2f5cffe8432aa8c54da97e43d0a2d8bb0f9d043cf7?s=96&d=mm&r=g","contentUrl":"https:\/\/secure.gravatar.com\/avatar\/60475efd4de6f32d3dc2ae2f5cffe8432aa8c54da97e43d0a2d8bb0f9d043cf7?s=96&d=mm&r=g","caption":"Imanol Carcamo"},"url":"https:\/\/metropolitanohc.com\/web\/author\/imanol\/"}]}},"_links":{"self":[{"href":"https:\/\/metropolitanohc.com\/web\/wp-json\/wp\/v2\/posts\/3243","targetHints":{"allow":["GET"]}}],"collection":[{"href":"https:\/\/metropolitanohc.com\/web\/wp-json\/wp\/v2\/posts"}],"about":[{"href":"https:\/\/metropolitanohc.com\/web\/wp-json\/wp\/v2\/types\/post"}],"author":[{"embeddable":true,"href":"https:\/\/metropolitanohc.com\/web\/wp-json\/wp\/v2\/users\/4"}],"replies":[{"embeddable":true,"href":"https:\/\/metropolitanohc.com\/web\/wp-json\/wp\/v2\/comments?post=3243"}],"version-history":[{"count":3,"href":"https:\/\/metropolitanohc.com\/web\/wp-json\/wp\/v2\/posts\/3243\/revisions"}],"predecessor-version":[{"id":3248,"href":"https:\/\/metropolitanohc.com\/web\/wp-json\/wp\/v2\/posts\/3243\/revisions\/3248"}],"wp:featuredmedia":[{"embeddable":true,"href":"https:\/\/metropolitanohc.com\/web\/wp-json\/wp\/v2\/media\/3244"}],"wp:attachment":[{"href":"https:\/\/metropolitanohc.com\/web\/wp-json\/wp\/v2\/media?parent=3243"}],"wp:term":[{"taxonomy":"category","embeddable":true,"href":"https:\/\/metropolitanohc.com\/web\/wp-json\/wp\/v2\/categories?post=3243"},{"taxonomy":"post_tag","embeddable":true,"href":"https:\/\/metropolitanohc.com\/web\/wp-json\/wp\/v2\/tags?post=3243"}],"curies":[{"name":"wp","href":"https:\/\/api.w.org\/{rel}","templated":true}]}}