{"id":3230,"date":"2019-02-28T14:35:21","date_gmt":"2019-02-28T12:35:21","guid":{"rendered":"https:\/\/metropolitanohc.com\/web\/?p=3230"},"modified":"2019-02-28T14:35:21","modified_gmt":"2019-02-28T12:35:21","slug":"la-liga-nacional-infantil-llega-a-bilbao","status":"publish","type":"post","link":"https:\/\/metropolitanohc.com\/web\/la-liga-nacional-infantil-llega-a-bilbao\/","title":{"rendered":"La Liga Nacional Infantil llega a Bilbao"},"content":{"rendered":"<p>El pr\u00f3ximo viernes 1 de Marzo se disputar\u00e1 en el polideportivo de Zorrotza la segunda sede de la segunda fase de Liga Nacional Oro Infantil, con un total de 11 equipos participantes. Los partidos comenzar\u00e1n el viernes a las 14:00 y finalizar\u00e1n el domingo a mediod\u00eda.<\/p>\n<p>Al Metropolitano no le tocar\u00e1 estrenarse en su pista hasta el s\u00e1bado a las 14:00, cuando se midan al C.P. Skulls Almassera. Los valencianos a\u00fan no se han estrenado en esta segunda sede, ya que en la primera jornada les toc\u00f3 descansar. A priori se trata de uno de los conjuntos m\u00e1s fuertes del grupo B, ya que en la primera fase su balance fue de 2 victorias y 3 derrotas por la m\u00ednima. El mismo s\u00e1bado a las 21:00, el Metro se enfrentar\u00e1 en el \u00faltimo partido de la jornada al CDE Ciutat Patina Renos. En la primera fase, los Renos terminaron en \u00faltima posici\u00f3n tras perder los 4 partidos que disputaron, pero en esta segunda fase se hicieron con la victoria ante Lostregos por 0-3.<\/p>\n<p>Casualmente los gallegos ser\u00e1n los rivales el domingo (14:00h) del Metropolitano en el partido que cierre la sede. Lostregos, al igual que el Metro, se hicieron con una victoria en la primera sede, y a pesar de haber sido el conjunto m\u00e1s goleado de la primera sede, no pondr\u00e1n las cosas f\u00e1ciles a los locales.<\/p>\n","protected":false},"excerpt":{"rendered":"<p>El pr\u00f3ximo viernes 1 de Marzo se disputar\u00e1 en el polideportivo de Zorrotza la segunda sede de la segunda fase de Liga Nacional Oro Infantil, con un total de 11 equipos participantes. Los partidos comenzar\u00e1n el viernes a las 14:00 y finalizar\u00e1n el domingo a mediod\u00eda. Al Metropolitano no le tocar\u00e1 estrenarse en su pista [&hellip;]<\/p>\n","protected":false},"author":4,"featured_media":3240,"comment_status":"open","ping_status":"open","sticky":false,"template":"","format":"standard","meta":{"footnotes":""},"categories":[129,237,175],"tags":[196,154,238,176,211],"class_list":["post-3230","post","type-post","status-publish","format-standard","has-post-thumbnail","hentry","category-hockey-linea","category-liga-nacional-infantil","category-metropolitano-hc","tag-bilbao","tag-hockey-linea","tag-liga-nacional-infantil","tag-metropolitano-hc","tag-zorrotza"],"yoast_head":"<!-- This site is optimized with the Yoast SEO plugin v27.4 - https:\/\/yoast.com\/product\/yoast-seo-wordpress\/ -->\n<title>La Liga Nacional Infantil llega a Bilbao -<\/title>\n<meta name=\"robots\" content=\"index, follow, max-snippet:-1, max-image-preview:large, max-video-preview:-1\" \/>\n<link rel=\"canonical\" href=\"https:\/\/metropolitanohc.com\/web\/la-liga-nacional-infantil-llega-a-bilbao\/\" \/>\n<meta property=\"og:locale\" content=\"es_ES\" \/>\n<meta property=\"og:type\" content=\"article\" \/>\n<meta property=\"og:title\" content=\"La Liga Nacional Infantil llega a Bilbao -\" \/>\n<meta property=\"og:description\" content=\"El pr\u00f3ximo viernes 1 de Marzo se disputar\u00e1 en el polideportivo de Zorrotza la segunda sede de la segunda fase de Liga Nacional Oro Infantil, con un total de 11 equipos participantes. Los partidos comenzar\u00e1n el viernes a las 14:00 y finalizar\u00e1n el domingo a mediod\u00eda. Al Metropolitano no le tocar\u00e1 estrenarse en su pista [&hellip;]\" \/>\n<meta property=\"og:url\" content=\"https:\/\/metropolitanohc.com\/web\/la-liga-nacional-infantil-llega-a-bilbao\/\" \/>\n<meta property=\"article:publisher\" content=\"https:\/\/www.facebook.com\/MetropolitanoHockeyClub\/\" \/>\n<meta property=\"article:published_time\" content=\"2019-02-28T12:35:21+00:00\" \/>\n<meta property=\"og:image\" content=\"https:\/\/metropolitanohc.com\/web\/wp-content\/uploads\/2019\/02\/WhatsApp-Image-2019-02-28-at-12.23.44.jpeg\" \/>\n\t<meta property=\"og:image:width\" content=\"1130\" \/>\n\t<meta property=\"og:image:height\" content=\"1600\" \/>\n\t<meta property=\"og:image:type\" content=\"image\/jpeg\" \/>\n<meta name=\"author\" content=\"Imanol Carcamo\" \/>\n<meta name=\"twitter:card\" content=\"summary_large_image\" \/>\n<meta name=\"twitter:label1\" content=\"Escrito por\" \/>\n\t<meta name=\"twitter:data1\" content=\"Imanol Carcamo\" \/>\n\t<meta name=\"twitter:label2\" content=\"Tiempo de lectura\" \/>\n\t<meta name=\"twitter:data2\" content=\"1 minuto\" \/>\n<script type=\"application\/ld+json\" class=\"yoast-schema-graph\">{\"@context\":\"https:\\\/\\\/schema.org\",\"@graph\":[{\"@type\":\"Article\",\"@id\":\"https:\\\/\\\/metropolitanohc.com\\\/web\\\/la-liga-nacional-infantil-llega-a-bilbao\\\/#article\",\"isPartOf\":{\"@id\":\"https:\\\/\\\/metropolitanohc.com\\\/web\\\/la-liga-nacional-infantil-llega-a-bilbao\\\/\"},\"author\":{\"name\":\"Imanol Carcamo\",\"@id\":\"https:\\\/\\\/metropolitanohc.com\\\/web\\\/#\\\/schema\\\/person\\\/6472914b3023ae5dfbcd5ebd5e52d16e\"},\"headline\":\"La Liga Nacional Infantil llega a Bilbao\",\"datePublished\":\"2019-02-28T12:35:21+00:00\",\"mainEntityOfPage\":{\"@id\":\"https:\\\/\\\/metropolitanohc.com\\\/web\\\/la-liga-nacional-infantil-llega-a-bilbao\\\/\"},\"wordCount\":242,\"commentCount\":0,\"image\":{\"@id\":\"https:\\\/\\\/metropolitanohc.com\\\/web\\\/la-liga-nacional-infantil-llega-a-bilbao\\\/#primaryimage\"},\"thumbnailUrl\":\"https:\\\/\\\/metropolitanohc.com\\\/web\\\/wp-content\\\/uploads\\\/2019\\\/02\\\/WhatsApp-Image-2019-02-28-at-12.23.44.jpeg\",\"keywords\":[\"Bilbao\",\"Hockey l\u00ednea\",\"Liga Nacional Infantil\",\"Metropolitano HC\",\"Zorrotza\"],\"articleSection\":[\"Hockey l\u00ednea\",\"Liga Nacional Infantil\",\"Metropolitano HC\"],\"inLanguage\":\"es\",\"potentialAction\":[{\"@type\":\"CommentAction\",\"name\":\"Comment\",\"target\":[\"https:\\\/\\\/metropolitanohc.com\\\/web\\\/la-liga-nacional-infantil-llega-a-bilbao\\\/#respond\"]}]},{\"@type\":\"WebPage\",\"@id\":\"https:\\\/\\\/metropolitanohc.com\\\/web\\\/la-liga-nacional-infantil-llega-a-bilbao\\\/\",\"url\":\"https:\\\/\\\/metropolitanohc.com\\\/web\\\/la-liga-nacional-infantil-llega-a-bilbao\\\/\",\"name\":\"La Liga Nacional Infantil llega a Bilbao -\",\"isPartOf\":{\"@id\":\"https:\\\/\\\/metropolitanohc.com\\\/web\\\/#website\"},\"primaryImageOfPage\":{\"@id\":\"https:\\\/\\\/metropolitanohc.com\\\/web\\\/la-liga-nacional-infantil-llega-a-bilbao\\\/#primaryimage\"},\"image\":{\"@id\":\"https:\\\/\\\/metropolitanohc.com\\\/web\\\/la-liga-nacional-infantil-llega-a-bilbao\\\/#primaryimage\"},\"thumbnailUrl\":\"https:\\\/\\\/metropolitanohc.com\\\/web\\\/wp-content\\\/uploads\\\/2019\\\/02\\\/WhatsApp-Image-2019-02-28-at-12.23.44.jpeg\",\"datePublished\":\"2019-02-28T12:35:21+00:00\",\"author\":{\"@id\":\"https:\\\/\\\/metropolitanohc.com\\\/web\\\/#\\\/schema\\\/person\\\/6472914b3023ae5dfbcd5ebd5e52d16e\"},\"breadcrumb\":{\"@id\":\"https:\\\/\\\/metropolitanohc.com\\\/web\\\/la-liga-nacional-infantil-llega-a-bilbao\\\/#breadcrumb\"},\"inLanguage\":\"es\",\"potentialAction\":[{\"@type\":\"ReadAction\",\"target\":[\"https:\\\/\\\/metropolitanohc.com\\\/web\\\/la-liga-nacional-infantil-llega-a-bilbao\\\/\"]}]},{\"@type\":\"ImageObject\",\"inLanguage\":\"es\",\"@id\":\"https:\\\/\\\/metropolitanohc.com\\\/web\\\/la-liga-nacional-infantil-llega-a-bilbao\\\/#primaryimage\",\"url\":\"https:\\\/\\\/metropolitanohc.com\\\/web\\\/wp-content\\\/uploads\\\/2019\\\/02\\\/WhatsApp-Image-2019-02-28-at-12.23.44.jpeg\",\"contentUrl\":\"https:\\\/\\\/metropolitanohc.com\\\/web\\\/wp-content\\\/uploads\\\/2019\\\/02\\\/WhatsApp-Image-2019-02-28-at-12.23.44.jpeg\",\"width\":1130,\"height\":1600},{\"@type\":\"BreadcrumbList\",\"@id\":\"https:\\\/\\\/metropolitanohc.com\\\/web\\\/la-liga-nacional-infantil-llega-a-bilbao\\\/#breadcrumb\",\"itemListElement\":[{\"@type\":\"ListItem\",\"position\":1,\"name\":\"Home\",\"item\":\"https:\\\/\\\/metropolitanohc.com\\\/web\\\/\"},{\"@type\":\"ListItem\",\"position\":2,\"name\":\"La Liga Nacional Infantil llega a Bilbao\"}]},{\"@type\":\"WebSite\",\"@id\":\"https:\\\/\\\/metropolitanohc.com\\\/web\\\/#website\",\"url\":\"https:\\\/\\\/metropolitanohc.com\\\/web\\\/\",\"name\":\"\",\"description\":\"\",\"potentialAction\":[{\"@type\":\"SearchAction\",\"target\":{\"@type\":\"EntryPoint\",\"urlTemplate\":\"https:\\\/\\\/metropolitanohc.com\\\/web\\\/?s={search_term_string}\"},\"query-input\":{\"@type\":\"PropertyValueSpecification\",\"valueRequired\":true,\"valueName\":\"search_term_string\"}}],\"inLanguage\":\"es\"},{\"@type\":\"Person\",\"@id\":\"https:\\\/\\\/metropolitanohc.com\\\/web\\\/#\\\/schema\\\/person\\\/6472914b3023ae5dfbcd5ebd5e52d16e\",\"name\":\"Imanol Carcamo\",\"image\":{\"@type\":\"ImageObject\",\"inLanguage\":\"es\",\"@id\":\"https:\\\/\\\/secure.gravatar.com\\\/avatar\\\/60475efd4de6f32d3dc2ae2f5cffe8432aa8c54da97e43d0a2d8bb0f9d043cf7?s=96&d=mm&r=g\",\"url\":\"https:\\\/\\\/secure.gravatar.com\\\/avatar\\\/60475efd4de6f32d3dc2ae2f5cffe8432aa8c54da97e43d0a2d8bb0f9d043cf7?s=96&d=mm&r=g\",\"contentUrl\":\"https:\\\/\\\/secure.gravatar.com\\\/avatar\\\/60475efd4de6f32d3dc2ae2f5cffe8432aa8c54da97e43d0a2d8bb0f9d043cf7?s=96&d=mm&r=g\",\"caption\":\"Imanol Carcamo\"},\"url\":\"https:\\\/\\\/metropolitanohc.com\\\/web\\\/author\\\/imanol\\\/\"}]}<\/script>\n<!-- \/ Yoast SEO plugin. -->","yoast_head_json":{"title":"La Liga Nacional Infantil llega a Bilbao -","robots":{"index":"index","follow":"follow","max-snippet":"max-snippet:-1","max-image-preview":"max-image-preview:large","max-video-preview":"max-video-preview:-1"},"canonical":"https:\/\/metropolitanohc.com\/web\/la-liga-nacional-infantil-llega-a-bilbao\/","og_locale":"es_ES","og_type":"article","og_title":"La Liga Nacional Infantil llega a Bilbao -","og_description":"El pr\u00f3ximo viernes 1 de Marzo se disputar\u00e1 en el polideportivo de Zorrotza la segunda sede de la segunda fase de Liga Nacional Oro Infantil, con un total de 11 equipos participantes. Los partidos comenzar\u00e1n el viernes a las 14:00 y finalizar\u00e1n el domingo a mediod\u00eda. Al Metropolitano no le tocar\u00e1 estrenarse en su pista [&hellip;]","og_url":"https:\/\/metropolitanohc.com\/web\/la-liga-nacional-infantil-llega-a-bilbao\/","article_publisher":"https:\/\/www.facebook.com\/MetropolitanoHockeyClub\/","article_published_time":"2019-02-28T12:35:21+00:00","og_image":[{"width":1130,"height":1600,"url":"https:\/\/metropolitanohc.com\/web\/wp-content\/uploads\/2019\/02\/WhatsApp-Image-2019-02-28-at-12.23.44.jpeg","type":"image\/jpeg"}],"author":"Imanol Carcamo","twitter_card":"summary_large_image","twitter_misc":{"Escrito por":"Imanol Carcamo","Tiempo de lectura":"1 minuto"},"schema":{"@context":"https:\/\/schema.org","@graph":[{"@type":"Article","@id":"https:\/\/metropolitanohc.com\/web\/la-liga-nacional-infantil-llega-a-bilbao\/#article","isPartOf":{"@id":"https:\/\/metropolitanohc.com\/web\/la-liga-nacional-infantil-llega-a-bilbao\/"},"author":{"name":"Imanol Carcamo","@id":"https:\/\/metropolitanohc.com\/web\/#\/schema\/person\/6472914b3023ae5dfbcd5ebd5e52d16e"},"headline":"La Liga Nacional Infantil llega a Bilbao","datePublished":"2019-02-28T12:35:21+00:00","mainEntityOfPage":{"@id":"https:\/\/metropolitanohc.com\/web\/la-liga-nacional-infantil-llega-a-bilbao\/"},"wordCount":242,"commentCount":0,"image":{"@id":"https:\/\/metropolitanohc.com\/web\/la-liga-nacional-infantil-llega-a-bilbao\/#primaryimage"},"thumbnailUrl":"https:\/\/metropolitanohc.com\/web\/wp-content\/uploads\/2019\/02\/WhatsApp-Image-2019-02-28-at-12.23.44.jpeg","keywords":["Bilbao","Hockey l\u00ednea","Liga Nacional Infantil","Metropolitano HC","Zorrotza"],"articleSection":["Hockey l\u00ednea","Liga Nacional Infantil","Metropolitano HC"],"inLanguage":"es","potentialAction":[{"@type":"CommentAction","name":"Comment","target":["https:\/\/metropolitanohc.com\/web\/la-liga-nacional-infantil-llega-a-bilbao\/#respond"]}]},{"@type":"WebPage","@id":"https:\/\/metropolitanohc.com\/web\/la-liga-nacional-infantil-llega-a-bilbao\/","url":"https:\/\/metropolitanohc.com\/web\/la-liga-nacional-infantil-llega-a-bilbao\/","name":"La Liga Nacional Infantil llega a Bilbao -","isPartOf":{"@id":"https:\/\/metropolitanohc.com\/web\/#website"},"primaryImageOfPage":{"@id":"https:\/\/metropolitanohc.com\/web\/la-liga-nacional-infantil-llega-a-bilbao\/#primaryimage"},"image":{"@id":"https:\/\/metropolitanohc.com\/web\/la-liga-nacional-infantil-llega-a-bilbao\/#primaryimage"},"thumbnailUrl":"https:\/\/metropolitanohc.com\/web\/wp-content\/uploads\/2019\/02\/WhatsApp-Image-2019-02-28-at-12.23.44.jpeg","datePublished":"2019-02-28T12:35:21+00:00","author":{"@id":"https:\/\/metropolitanohc.com\/web\/#\/schema\/person\/6472914b3023ae5dfbcd5ebd5e52d16e"},"breadcrumb":{"@id":"https:\/\/metropolitanohc.com\/web\/la-liga-nacional-infantil-llega-a-bilbao\/#breadcrumb"},"inLanguage":"es","potentialAction":[{"@type":"ReadAction","target":["https:\/\/metropolitanohc.com\/web\/la-liga-nacional-infantil-llega-a-bilbao\/"]}]},{"@type":"ImageObject","inLanguage":"es","@id":"https:\/\/metropolitanohc.com\/web\/la-liga-nacional-infantil-llega-a-bilbao\/#primaryimage","url":"https:\/\/metropolitanohc.com\/web\/wp-content\/uploads\/2019\/02\/WhatsApp-Image-2019-02-28-at-12.23.44.jpeg","contentUrl":"https:\/\/metropolitanohc.com\/web\/wp-content\/uploads\/2019\/02\/WhatsApp-Image-2019-02-28-at-12.23.44.jpeg","width":1130,"height":1600},{"@type":"BreadcrumbList","@id":"https:\/\/metropolitanohc.com\/web\/la-liga-nacional-infantil-llega-a-bilbao\/#breadcrumb","itemListElement":[{"@type":"ListItem","position":1,"name":"Home","item":"https:\/\/metropolitanohc.com\/web\/"},{"@type":"ListItem","position":2,"name":"La Liga Nacional Infantil llega a Bilbao"}]},{"@type":"WebSite","@id":"https:\/\/metropolitanohc.com\/web\/#website","url":"https:\/\/metropolitanohc.com\/web\/","name":"","description":"","potentialAction":[{"@type":"SearchAction","target":{"@type":"EntryPoint","urlTemplate":"https:\/\/metropolitanohc.com\/web\/?s={search_term_string}"},"query-input":{"@type":"PropertyValueSpecification","valueRequired":true,"valueName":"search_term_string"}}],"inLanguage":"es"},{"@type":"Person","@id":"https:\/\/metropolitanohc.com\/web\/#\/schema\/person\/6472914b3023ae5dfbcd5ebd5e52d16e","name":"Imanol Carcamo","image":{"@type":"ImageObject","inLanguage":"es","@id":"https:\/\/secure.gravatar.com\/avatar\/60475efd4de6f32d3dc2ae2f5cffe8432aa8c54da97e43d0a2d8bb0f9d043cf7?s=96&d=mm&r=g","url":"https:\/\/secure.gravatar.com\/avatar\/60475efd4de6f32d3dc2ae2f5cffe8432aa8c54da97e43d0a2d8bb0f9d043cf7?s=96&d=mm&r=g","contentUrl":"https:\/\/secure.gravatar.com\/avatar\/60475efd4de6f32d3dc2ae2f5cffe8432aa8c54da97e43d0a2d8bb0f9d043cf7?s=96&d=mm&r=g","caption":"Imanol Carcamo"},"url":"https:\/\/metropolitanohc.com\/web\/author\/imanol\/"}]}},"_links":{"self":[{"href":"https:\/\/metropolitanohc.com\/web\/wp-json\/wp\/v2\/posts\/3230","targetHints":{"allow":["GET"]}}],"collection":[{"href":"https:\/\/metropolitanohc.com\/web\/wp-json\/wp\/v2\/posts"}],"about":[{"href":"https:\/\/metropolitanohc.com\/web\/wp-json\/wp\/v2\/types\/post"}],"author":[{"embeddable":true,"href":"https:\/\/metropolitanohc.com\/web\/wp-json\/wp\/v2\/users\/4"}],"replies":[{"embeddable":true,"href":"https:\/\/metropolitanohc.com\/web\/wp-json\/wp\/v2\/comments?post=3230"}],"version-history":[{"count":2,"href":"https:\/\/metropolitanohc.com\/web\/wp-json\/wp\/v2\/posts\/3230\/revisions"}],"predecessor-version":[{"id":3241,"href":"https:\/\/metropolitanohc.com\/web\/wp-json\/wp\/v2\/posts\/3230\/revisions\/3241"}],"wp:featuredmedia":[{"embeddable":true,"href":"https:\/\/metropolitanohc.com\/web\/wp-json\/wp\/v2\/media\/3240"}],"wp:attachment":[{"href":"https:\/\/metropolitanohc.com\/web\/wp-json\/wp\/v2\/media?parent=3230"}],"wp:term":[{"taxonomy":"category","embeddable":true,"href":"https:\/\/metropolitanohc.com\/web\/wp-json\/wp\/v2\/categories?post=3230"},{"taxonomy":"post_tag","embeddable":true,"href":"https:\/\/metropolitanohc.com\/web\/wp-json\/wp\/v2\/tags?post=3230"}],"curies":[{"name":"wp","href":"https:\/\/api.w.org\/{rel}","templated":true}]}}